{"id":2068,"date":"2013-03-28T23:28:08","date_gmt":"2013-03-28T22:28:08","guid":{"rendered":"https:\/\/www.lern-online.net\/blog\/?p=2068"},"modified":"2018-06-10T07:09:16","modified_gmt":"2018-06-10T06:09:16","slug":"interview-mit-martin-habersaat-spd","status":"publish","type":"post","link":"https:\/\/lern-online.net\/blog\/interview-mit-martin-habersaat-spd\/","title":{"rendered":"Interview mit Martin Habersaat von der SPD"},"content":{"rendered":"<p>Martin Habersaat ist \u00a0bildungspolitischer Sprecher der SPD f\u00fcr Schleswig-Holstein.<\/p>\n<p>Themen:<\/p>\n<ul>\n<li>Aufgaben eines\u00a0bildungspolitischer Sprechers<\/li>\n<li>Enquete-Kommission &#8222;Norddeutsche Zusammenarbeit&#8220; mit Erkl\u00e4rung zum Begriff\u00a0<em>Enquete-Kommission<\/em><\/li>\n<li>Bildungsgerechtigkeit f\u00fcr \u00a0Sch\u00fcler\/innen mit Migrationshintergrund und aus sozial benachteiligten Familien<\/li>\n<li>Verringerung der Quote von Schulabrechern<\/li>\n<li>die Idee mehrere norddeutsche Bundesl\u00e4nder in der Zukunft zu vereinen<\/li>\n<li>Erh\u00f6hung des Budgets im Bundeshaushalt f\u00fcr Bildung und Forschun im Jahr 2015 auf 105 des\u00a0Bruttoinlandsprodukt<\/li>\n<li>Stichtag 1. August 2013 &#8211;\u00a0Rechtsanspruch auf F\u00f6rderung in einer Kindertageseinrichtung oder in der Tagespflege<\/li>\n<\/ul>\n<p><!--more--><\/p>\n<p>Mit ihm fangen wir unsere Interview-Reihe mit diversen\u00a0bildungspolitischer Sprechern von allen demokratischen Parteien an. Wenn ihr Ideen f\u00fcr die Fragen f\u00fcr das n\u00e4chste Politiker-Interview habt, schreibt sie gerne als Kommentar auf diesen Beitrag. Wir werden dann vielleicht auch einige Fragen von euch an in unsere n\u00e4chsten Interviews mit aufnehmen.<\/p>\n<h3>Das Interview mit\u00a0Martin Habersaat<\/h3>\n<div id=\"attachment_2070\" style=\"width: 310px\" class=\"wp-caption alignright\"><a href=\"https:\/\/lern-online.net\/blog\/wp-content\/mh_debattiert.jpg\"><img loading=\"lazy\" decoding=\"async\" aria-describedby=\"caption-attachment-2070\" class=\" wp-image-2070 \" src=\"https:\/\/lern-online.net\/blog\/wp-content\/mh_debattiert-150x150.jpg\" alt=\"Martin Habersaat. debattiert\" width=\"300\" height=\"300\" \/><\/a><p id=\"caption-attachment-2070\" class=\"wp-caption-text\">Martin Habersaat. debattiert<\/p><\/div>\n<p><strong>Lern-Online.net:<\/strong> Lieber Herr Haberstaat, bitte stellen sie sich unseren Lesern vor und erl\u00e4utern die Aufgaben eines bildungspolitischen Sprechers in Schleswig-Holstein.<\/p>\n<p><strong>Martin Habersaat:<\/strong> Als bildungspolitischer Sprecher bin ich Vorsitzender des Arbeitskreises der SPD-Landtagsfraktion, der sich um Bildungsfragen k\u00fcmmert. Von der Schule \u00fcber die Hochschule bis zur Erwachsenenbildung.<\/p>\n<p><strong>Lern-Online.net:<\/strong> Als ich bei Google &#8222;bildungspolitscher Sprecher&#8220; eingab, waren sie auf Platz 1 der Suchergebnisse und somit beginnt unsere Interview-Serie mit Politikern mit ihnen. Sind sie mehr aktiv im Internet als ihre Kollegen im Bund oder im Landtag?<\/p>\n<p><strong>Martin Habersaat:<\/strong> Das wei\u00df ich nicht. Ich freue mich aber dar\u00fcber, bei Google gefunden zu werden.<\/p>\n<p><strong>Lern-Online.net:<\/strong> Sie waren von 2010 bis 2012 Mitglied der Enquete-Kommission &#8222;Norddeutsche Zusammenarbeit&#8220;. Was haben Sie da genau gemacht und wie w\u00fcrden sie jungen Menschen erkl\u00e4ren, was eine Enquete-Kommission ist.<\/p>\n<p><strong>Martin Habersaat:<\/strong> Das Wort kommt aus dem Franz\u00f6sischen und Bedeutet \u201eUntersuchung\u201c. Vertreter aller Fraktionen und externe Fachleute arbeiten gemeinsam an einem Thema und versuchen, Vorschl\u00e4ge f\u00fcr die Zukunft zu erarbeiten. Bei uns ging es darum, wie Schleswig-Holstein besser mit den anderen norddeutschen Bundesl\u00e4ndern zusammenarbeiten kann.<\/p>\n<p><strong>Lern-Online.net:<\/strong> Was tut die SPD damit Sch\u00fclerinnen und Sch\u00fcler mit Migrationshintergrund oder aus sozial benachteiligten Familien \u00f6fter ein Gymnasium besuchen k\u00f6nnen und sich dort auch deren Leistung verbessert wird?<\/p>\n<p><strong>Martin Habersaat:<\/strong> In Schleswig-Holstein gibt es zwei weiterf\u00fchrende Schularten, auf beiden kann das Abitur erreicht werden: Gemeinschaftsschulen und Gymnasien. Alle Lehrerinnen und Lehrer sollen sich im Studium mit \u201eDeutsch als Zweitsprache\u201c befassen, wir geben Mittel f\u00fcr Sozialp\u00e4dagogen an die Schulen und die Gemeinschaftsschulen erhalten f\u00fcr die besonderen Herausforderungen, vor denen sie stehen, Extrastunden, sogenannte Differenzierungsstunden.<\/p>\n<p><strong>Lern-Online.net:<\/strong> Was tun sie, damit weniger Sch\u00fclerinnen und Sch\u00fcler die Schule ohne die erforderlichen Grundlagen f\u00fcr einen erfolgreichen \u00dcbergang in die berufliche Ausbildung verlassen?<\/p>\n<p><strong>Martin Habersaat:<\/strong> Beispielsweise gibt es bei uns das Handlungskonzept Schule &amp; Arbeitswelt. Das ist ein Beitrag, um die Jugendarbeitslosigkeit in Schleswig-Holstein reduzieren und die Ausbildungsreife der Schulabg\u00e4nger zu verbessern. Hier kooperieren die Schulen, die Wirtschaft und andere, denen die Zukunft der jungen Menschen wichtig ist.<br \/>\nhttp:\/\/www.schuleundarbeitswelt.de\/<\/p>\n<p><strong>Lern-Online.net:<\/strong> Wird es in 20 bis 30 Jahren einen &#8222;Nordstaat&#8220; oder ein Nordwest- und Nordoststaat geben? Welche Variante der Neugliederung der Bundesl\u00e4nder mit Schleswig-Holstein halten sie f\u00fcr realistisch?<\/p>\n<p><strong>Martin Habersaat:<\/strong> Ich glaube nicht, dass sich in den n\u00e4chsten 30 Jahren etwas am Zuschnitt der Bundesl\u00e4nder \u00e4ndert. Die Diskussion um einen sogenannten \u201eNordstaat\u201c raubt auch viel Energie, die man f\u00fcr sinnvolle Formen der Zusammenarbeit nutzen k\u00f6nnte.<\/p>\n<p><strong>Lern-Online.net:<\/strong> Nachdem dem Kinderf\u00f6rderungsgesetz (Kif\u00f6G) hat jedes Kind mit Vollendung des ersten Lebensjahres bis zum Schuleintritt ab dem 1. August 2013 einen Rechtsanspruch auf F\u00f6rderung in einer Kindertageseinrichtung oder in der Tagespflege.<br \/>\nWird bis zu diesen Datum den \u00fcberhaupt genug Kitas und andere Kinderbetreuungseinrichtung bundesweit geben?<\/p>\n<p><strong>Martin Habersaat:<\/strong> Das glaube ich nicht. Der Stichtag sorgt aber f\u00fcr mehr Tempo im notwendigen Ausbau, genauso werden es die ersten Eltern tun, die ihren Rechtsanspruch ab dem 1. August einklagen.<\/p>\n<p><strong>Lern-Online.net:<\/strong> Was halten sie davon, das in US-Bundesstaat South Dakota als Reaktion des schrecklichen Amoklaufs an einer Schule in Newton, Lehrer zum Schutz der Sch\u00fcler mit Waffen ausgestattet werden?<\/p>\n<p><strong>Martin Habersaat:<\/strong> Nichts.<\/p>\n<p><strong>Lern-Online.net:<\/strong> Bund und L\u00e4nder haben auf dem Bildungsgipfel im Oktober 2008 in Dresden beschlossen im Rahmen einer Qualifizierungsinitiative die gesamtstaatlichen Aufwendungen f\u00fcr Bildung und Forschung bis zum Jahr 2015 auf 10 Prozent des Bruttoinlandsprodukt zu steigern.<br \/>\nHalten sie dieses Ziel f\u00fcr realistisch, da bspw.\u00a02009 nur 5,3 % des Bruttoinlandsprodukt f\u00fcr \u00f6ffentliche und private Bildungseinrichtungen ausgegeben wurden.<\/p>\n<p><strong>Martin Habersaat:<\/strong> Realistisch ist es nicht, aber manchmal braucht man ambitionierte Ziele<\/p>\n<p><strong>Lern-Online.net:<\/strong> Welche B\u00fccher oder Pers\u00f6nlichkeiten haben ihr Leben beeinflusst und warum ?<\/p>\n<p><strong>Martin Habersaat:<\/strong> Ich habe Germanistik studiert, da ist die Liste der B\u00fccher, die mich beeinflusst haben, sehr lang. Auf meinen Webseiten gibt es einen \u00dcberblick \u00fcber meine Lieblingsb\u00fccher. Generell finde ich Pers\u00f6nlichkeiten spannend, die die Energie aufwenden, sich f\u00fcr ihr Umfeld oder gegen Ungerechtigkeiten einzusetzen.<\/p>\n<p><strong>Lern-Online.net:<\/strong> Was machen Sie am liebsten in ihrer Freizeit ?<\/p>\n<p><strong>Martin Habersaat:<\/strong> Ich lese und laufe gern oder gehe mit Freunden lecker essen.<\/p>\n<p><strong>Lern-Online.net:<\/strong> Wie sehen sie die Zukunft und Verbreitung von Online-Lernen bzw. E-Learning ?<\/p>\n<p><strong>Martin Habersaat:<\/strong> Das wird wichtiger Faktor im Bildungsbereich. In diesem Jahr hat sich sogar der Bildungsausschuss des schleswig-holsteinischen Landtags mit einer Veranstaltung am \u201e<a title=\"Tag des digitalen Lernens 2013\" href=\"https:\/\/lern-online.net\/blog\/2013\/03\/07\/tag-des-digitalen-lernens-2013\/\" target=\"_blank\" rel=\"noopener\">Tag des digitalen Lernens<\/a>\u201c beteiligt.<\/p>\n<p>&nbsp;<\/p>\n<p>Wir danken\u00a0Martin Habersaat f\u00fcr das Interview und w\u00fcnschen ihn alles Gute.<\/p>\n","protected":false},"excerpt":{"rendered":"<p>Martin Habersaat ist \u00a0bildungspolitischer Sprecher der SPD f\u00fcr Schleswig-Holstein. Themen: Aufgaben eines\u00a0bildungspolitischer Sprechers Enquete-Kommission &#8222;Norddeutsche Zusammenarbeit&#8220; mit Erkl\u00e4rung zum Begriff\u00a0Enquete-Kommission Bildungsgerechtigkeit f\u00fcr \u00a0Sch\u00fcler\/innen mit Migrationshintergrund und aus sozial benachteiligten Familien Verringerung der Quote von Schulabrechern die Idee mehrere norddeutsche Bundesl\u00e4nder in der Zukunft zu vereinen Erh\u00f6hung des Budgets im Bundeshaushalt&#8230; <a href=\"https:\/\/lern-online.net\/blog\/interview-mit-martin-habersaat-spd\/\">Read more &raquo;<\/a><\/p>\n","protected":false},"author":2,"featured_media":2196,"comment_status":"open","ping_status":"open","sticky":false,"template":"","format":"standard","meta":{"footnotes":""},"categories":[18,10],"tags":[601,602,599,600,765,598,59],"class_list":["post-2068","post","type-post","status-publish","format-standard","has-post-thumbnail","hentry","category-interview","category-politik","tag-bildungsgerechtigkeit","tag-bildungspolitik","tag-bildungspolitischer-sprecher","tag-enquete-kommissionen","tag-interview","tag-martin-habersaat","tag-spd"],"_links":{"self":[{"href":"https:\/\/lern-online.net\/blog\/wp-json\/wp\/v2\/posts\/2068","targetHints":{"allow":["GET"]}}],"collection":[{"href":"https:\/\/lern-online.net\/blog\/wp-json\/wp\/v2\/posts"}],"about":[{"href":"https:\/\/lern-online.net\/blog\/wp-json\/wp\/v2\/types\/post"}],"author":[{"embeddable":true,"href":"https:\/\/lern-online.net\/blog\/wp-json\/wp\/v2\/users\/2"}],"replies":[{"embeddable":true,"href":"https:\/\/lern-online.net\/blog\/wp-json\/wp\/v2\/comments?post=2068"}],"version-history":[{"count":0,"href":"https:\/\/lern-online.net\/blog\/wp-json\/wp\/v2\/posts\/2068\/revisions"}],"wp:featuredmedia":[{"embeddable":true,"href":"https:\/\/lern-online.net\/blog\/wp-json\/wp\/v2\/media\/2196"}],"wp:attachment":[{"href":"https:\/\/lern-online.net\/blog\/wp-json\/wp\/v2\/media?parent=2068"}],"wp:term":[{"taxonomy":"category","embeddable":true,"href":"https:\/\/lern-online.net\/blog\/wp-json\/wp\/v2\/categories?post=2068"},{"taxonomy":"post_tag","embeddable":true,"href":"https:\/\/lern-online.net\/blog\/wp-json\/wp\/v2\/tags?post=2068"}],"curies":[{"name":"wp","href":"https:\/\/api.w.org\/{rel}","templated":true}]}}