{"id":75,"date":"2006-06-03T20:03:52","date_gmt":"2006-06-03T19:03:52","guid":{"rendered":"https:\/\/www.lern-online.net\/blog\/?p=75"},"modified":"2013-03-10T21:54:13","modified_gmt":"2013-03-10T20:54:13","slug":"nationaler-bildungstest-ab-2009","status":"publish","type":"post","link":"https:\/\/lern-online.net\/blog\/nationaler-bildungstest-ab-2009\/","title":{"rendered":"Nationaler Bildungstest ab 2009"},"content":{"rendered":"<p>In der heutigen Printausgabe der Frankfurter Allgemeinen Zeitung steht als Schlagzeile auf der ersten Seite an oberster zentraler Stelle: \u201cKultusminister beschlie\u00dfen nationalen Bildungstest\u201e. Ich habe gar keine Erinnerung als mal in Deutschland die Bildungspolitik solch ein prominenten Platz in der Zeitung bekommen haben \u2013 vielleicht als die 1. PISA-Studie rauskam. Es handelt sich also um ein gro\u00dfes und wichtiges Ereignis.<\/p>\n<p>Gestern haben die Kultusminister der L\u00e4nder in der kleinen Stadt Pl\u00f6n, die am gr\u00f6\u00dften Binnensee Schleswig-Holsteins, dem Gro\u00dfen Pl\u00f6ner See, in ihr Tagung die Einf\u00fchrung eines nationalen Bildungstest ab den Jahr 2009 beschlossen. Diese Tests sollen dann mit Stichproben repr\u00e4sentative Ergebnisse \u00fcber den Bildungsstand deutscher Sch\u00fcler geben.<\/p>\n<p>2009 wird also in allen Bundesl\u00e4ndern wahrscheinlich am Ende des Schulhalbjahres einen neuen Test geben, der das Standard-Wissen von einem bestimmten Unterrichtsfach pr\u00fcfen soll. Diese Inhalte werden vom Institut f\u00fcr Qualit\u00e4tsentwicklung in Bildungswesen an der Berliner Humboldt-Universit\u00e4t erarbeitet.<\/p>\n<p>Es sollen auch dazu noch landesweit einheitlich Vergleichsarbeiten geben, die es schon bereits heutzutage teilweise schon existieren.<\/p>\n<p>Die Kultusminister reagieren damit auf die zweimalige miserable Abschneidung deutscher Sch\u00fcler beim PISA-Test.<\/p>\n<p>Die Migrantenkinder, die statisch gesehen, noch mehr Wissensl\u00fccken aufweisen werden nun st\u00e4rker auf diese Herrausforderung vorbereitet und gef\u00f6rdert.<\/p>\n<p>Damit hat \u201cLern-Online\u201e einen neue Aufgabe, Sch\u00fcler auf diesen Test online vorzubereiten. Wir sind gespannd, wann die Themen dieser Teste online zu lesen sein werden, damit wir neue Aufgabenbl\u00e4tter, die speziell auf diesen nationaler Bildungstest ausgerichtet ist, damit die \u201cLern-Online\u201e Nutzer \u00fcberdurchschnittlich am Bildungstest teilnehmen und Deutschlands Kultusminister und sich selbst stolz und gl\u00fccklich machen ;-)<\/p>\n","protected":false},"excerpt":{"rendered":"<p>In der heutigen Printausgabe der Frankfurter Allgemeinen Zeitung steht als Schlagzeile auf der ersten Seite an oberster zentraler Stelle: \u201cKultusminister beschlie\u00dfen nationalen Bildungstest\u201e. Ich habe gar keine Erinnerung als mal in Deutschland die Bildungspolitik solch ein prominenten Platz in der Zeitung bekommen haben \u2013 vielleicht als die 1. PISA-Studie rauskam&#8230;. <a href=\"https:\/\/lern-online.net\/blog\/nationaler-bildungstest-ab-2009\/\">Read more &raquo;<\/a><\/p>\n","protected":false},"author":2,"featured_media":0,"comment_status":"open","ping_status":"open","sticky":false,"template":"","format":"standard","meta":{"footnotes":""},"categories":[10,27],"tags":[515],"class_list":["post-75","post","type-post","status-publish","format-standard","hentry","category-politik","category-schule","tag-nationaler-bildungstest"],"_links":{"self":[{"href":"https:\/\/lern-online.net\/blog\/wp-json\/wp\/v2\/posts\/75","targetHints":{"allow":["GET"]}}],"collection":[{"href":"https:\/\/lern-online.net\/blog\/wp-json\/wp\/v2\/posts"}],"about":[{"href":"https:\/\/lern-online.net\/blog\/wp-json\/wp\/v2\/types\/post"}],"author":[{"embeddable":true,"href":"https:\/\/lern-online.net\/blog\/wp-json\/wp\/v2\/users\/2"}],"replies":[{"embeddable":true,"href":"https:\/\/lern-online.net\/blog\/wp-json\/wp\/v2\/comments?post=75"}],"version-history":[{"count":0,"href":"https:\/\/lern-online.net\/blog\/wp-json\/wp\/v2\/posts\/75\/revisions"}],"wp:attachment":[{"href":"https:\/\/lern-online.net\/blog\/wp-json\/wp\/v2\/media?parent=75"}],"wp:term":[{"taxonomy":"category","embeddable":true,"href":"https:\/\/lern-online.net\/blog\/wp-json\/wp\/v2\/categories?post=75"},{"taxonomy":"post_tag","embeddable":true,"href":"https:\/\/lern-online.net\/blog\/wp-json\/wp\/v2\/tags?post=75"}],"curies":[{"name":"wp","href":"https:\/\/api.w.org\/{rel}","templated":true}]}}