{"id":77,"date":"2006-05-16T08:45:52","date_gmt":"2006-05-16T07:45:52","guid":{"rendered":"https:\/\/www.lern-online.net\/blog\/?p=77"},"modified":"2013-03-10T12:25:57","modified_gmt":"2013-03-10T11:25:57","slug":"pisa-studie-migrantenkinder-in-not","status":"publish","type":"post","link":"https:\/\/lern-online.net\/blog\/pisa-studie-migrantenkinder-in-not\/","title":{"rendered":"Pisa-Studie: Migrantenkinder in Not"},"content":{"rendered":"<p>Der OECD (Organisation for Economic Co-operation and Development) hat wieder eine neue Detailauswertung ihrer Pisa-Studie von 2003 vorgelegt und wie immer m\u00fcsste sich Deutschland nach der Verk\u00fcndigung der neuen Erkenntnisse \u00a0(und vor allem die Verantwortlichen in der Bildungspolitik der letzten 30 Jahre) in Grund und Boden sch\u00e4men.<\/p>\n<p>Einwandererkinder aus der zweiten Generation sind nirgends schlechter in der Schule als in Deutschland.<\/p>\n<p>Der\u00a0<a title=\"Spiegel Online\" href=\"http:\/\/www.spiegel.de\/\" target=\"_blank\" rel=\"noopener\">Spiegel Online<\/a>\u00a0titelt sogar von:\u00a0<a title=\"Ausl\u00e4nderkinde drei Schuljahre zur\u00fcck\" href=\"http:\/\/www.spiegel.de\/unispiegel\/schule\/0,1518,416255,00.html\" target=\"_blank\" rel=\"noopener\">\u201cAusl\u00e4nderkinder drei Schuljahre zur\u00fcck\u201e<\/a>\u00a0, noch drastischer sieht es die\u00a0<a title=\"taz - die Tageszeitung\" href=\"http:\/\/www.taz.de\/\" target=\"_blank\" rel=\"noopener\">taz<\/a>:\u00a0<a title=\"Doof dank Deutschland \" href=\"http:\/\/www.taz.de\/pt\/2006\/05\/16\/a0034.1\/text\" target=\"_blank\" rel=\"noopener\">\u201cDoof dank Deutschland\u201e<\/a>\u00a0. Das Kommentar \u201c<a title=\"Pisa als Vorwand\" href=\"http:\/\/www.welt.de\/data\/2006\/05\/16\/887604.html\" target=\"_blank\" rel=\"noopener\">Pisa als Vorwand<\/a>\u201e gef\u00e4llt mir jedoch am viel mehr als diese Schlagzeilen, obwohl deren Artikel \u201c<a title=\"Setzen, F\u00fcnf minus\" href=\"http:\/\/www.welt.de\/data\/2006\/05\/15\/887853.html\" target=\"_blank\" rel=\"noopener\">Setzen, F\u00fcnf minus<\/a>\u201e ebenfalls besonders provokativ klingt.<\/p>\n<p>Ich bezweifle stark, ob unsere Bundesministerin f\u00fcr Bildung und Forschung Annette Schavan von der CDU, es durch ihre Ank\u00fcndigungen. In der Online-Ausgabe des Handelsblatt lass ich ihre Vorschl\u00e4ge: \u201c<a title=\"Schavan zieht Konsequenzen aus Pisa-Schlappe\" href=\"http:\/\/www.handelsblatt.com\/pshb\/fn\/relhbi\/sfn\/buildhbi\/cn\/GoArt!200013,200050,1079018\/SH\/0\/depot\/0\/schavan-zieht-konsequenzen-aus-pisa-schlappe.html\" target=\"_blank\" rel=\"noopener\">Schavan zieht Konsequenzen aus Pisa-Schlappe<\/a>\u201c.<\/p>\n<p>Ich bin schon sehr gespannt auf ihren \u201c<span style=\"font-size: small;\">Masterplan f\u00fcr Integration mit Schwerpunkt Bildung\u201e.<\/span><\/p>\n<p>Die Sprachf\u00f6rderung im Kindergarten ist mehr als \u00fcberf\u00e4llig. In anderen L\u00e4ndern lernen Kinder bereits ein wenig Englisch neben der Landessprache und bei uns redet man von F\u00f6rderung der Sprache im Kindergarten.<\/p>\n<p>Ich kann mir nicht vorstellen, das andere Bildungsminister nicht auch solch eine Aussage gemacht haben und am Ende einige M\u00fctter mit dem Problem ein vern\u00fcftigen Kindergartenplatz zu finden komplett vernachl\u00e4ssigt haben, aber sch\u00f6n von F\u00f6rderung gesprochen haben.<\/p>\n","protected":false},"excerpt":{"rendered":"<p>Der OECD (Organisation for Economic Co-operation and Development) hat wieder eine neue Detailauswertung ihrer Pisa-Studie von 2003 vorgelegt und wie immer m\u00fcsste sich Deutschland nach der Verk\u00fcndigung der neuen Erkenntnisse \u00a0(und vor allem die Verantwortlichen in der Bildungspolitik der letzten 30 Jahre) in Grund und Boden sch\u00e4men. Einwandererkinder aus der&#8230; <a href=\"https:\/\/lern-online.net\/blog\/pisa-studie-migrantenkinder-in-not\/\">Read more &raquo;<\/a><\/p>\n","protected":false},"author":2,"featured_media":0,"comment_status":"open","ping_status":"open","sticky":false,"template":"","format":"standard","meta":{"footnotes":""},"categories":[1,27],"tags":[],"class_list":["post-77","post","type-post","status-publish","format-standard","hentry","category-allgemein","category-schule"],"_links":{"self":[{"href":"https:\/\/lern-online.net\/blog\/wp-json\/wp\/v2\/posts\/77","targetHints":{"allow":["GET"]}}],"collection":[{"href":"https:\/\/lern-online.net\/blog\/wp-json\/wp\/v2\/posts"}],"about":[{"href":"https:\/\/lern-online.net\/blog\/wp-json\/wp\/v2\/types\/post"}],"author":[{"embeddable":true,"href":"https:\/\/lern-online.net\/blog\/wp-json\/wp\/v2\/users\/2"}],"replies":[{"embeddable":true,"href":"https:\/\/lern-online.net\/blog\/wp-json\/wp\/v2\/comments?post=77"}],"version-history":[{"count":0,"href":"https:\/\/lern-online.net\/blog\/wp-json\/wp\/v2\/posts\/77\/revisions"}],"wp:attachment":[{"href":"https:\/\/lern-online.net\/blog\/wp-json\/wp\/v2\/media?parent=77"}],"wp:term":[{"taxonomy":"category","embeddable":true,"href":"https:\/\/lern-online.net\/blog\/wp-json\/wp\/v2\/categories?post=77"},{"taxonomy":"post_tag","embeddable":true,"href":"https:\/\/lern-online.net\/blog\/wp-json\/wp\/v2\/tags?post=77"}],"curies":[{"name":"wp","href":"https:\/\/api.w.org\/{rel}","templated":true}]}}